{"id":1413,"date":"2025-08-19T09:05:05","date_gmt":"2025-08-19T09:05:05","guid":{"rendered":"https:\/\/www.komos.de\/jobboerse-2019\/"},"modified":"2025-08-19T09:38:47","modified_gmt":"2025-08-19T09:38:47","slug":"jobboerse-2019","status":"publish","type":"post","link":"https:\/\/www.komos.de\/en\/jobboerse-2019\/","title":{"rendered":"Job mar\u00adket 2019"},"content":{"rendered":"<div class=\"large-4 middle-3 columns\">\n<div class=\"large-5 columns disrechts01 disoben02\">\n<h2>Job fair Eisenberg<\/h2>\n<p>Com\u00adpa\u00adnies and insti\u00adtu\u00adti\u00adons in the regi\u00adon pre\u00adsent trai\u00adning and stu\u00addy oppor\u00adtu\u00adni\u00adties and offer intern\u00adships.<br>\n<strong>We are the\u00adre<\/strong><\/p>\n<h1>Where<\/h1>\n<p>Town hall, Eisen\u00adberg<\/p>\n<ul>\n<li>Fried\u00adrich-Ebert-Stras\u00adse 8a<\/li>\n<li>07607 Eisen\u00adberg<\/li>\n<\/ul>\n<h1>When<\/h1>\n<p>08.03.2019 from 10.00 \u2014 17.00 h<\/p>\n<\/div>\n<\/div>\n<div class=\"large-0 middle-3 columns disoben03\"><\/div>","protected":false},"excerpt":{"rendered":"<p>Job Fair Eisen\u00adberg Com\u00adpa\u00adnies and insti\u00adtu\u00adti\u00adons in the regi\u00adon pre\u00adsent trai\u00adning and stu\u00addy oppor\u00adtu\u00adni\u00adties and offer intern\u00adships. We will be the\u00adre Whe\u00adre Stadt\u00adhal\u00adle, Eisen\u00adberg Fried\u00adrich-Ebert-Stra\u00ad\u00dfe 8a 07607 Eisen\u00adberg When 08.03.2019 from 10.00 \u2014 17.00 hrs<\/p>","protected":false},"author":1,"featured_media":0,"comment_status":"closed","ping_status":"open","sticky":false,"template":"","format":"standard","meta":{"wp_typography_post_enhancements_disabled":false,"footnotes":""},"categories":[10,11],"tags":[],"class_list":["post-1413","post","type-post","status-publish","format-standard","hentry","category-news","category-termine"],"yoast_head":"<!-- This site is optimized with the Yoast SEO plugin v26.9 - https:\/\/yoast.com\/product\/yoast-seo-wordpress\/ -->\n<title>Jobb\u00f6rse 2019 - KOMOS<\/title>\n<meta name=\"robots\" content=\"index, follow, max-snippet:-1, max-image-preview:large, max-video-preview:-1\" \/>\n<link rel=\"canonical\" href=\"https:\/\/www.komos.de\/en\/jobboerse-2019\/\" \/>\n<meta property=\"og:locale\" content=\"en_US\" \/>\n<meta property=\"og:type\" content=\"article\" \/>\n<meta property=\"og:title\" content=\"Jobb\u00f6rse 2019 - KOMOS\" \/>\n<meta property=\"og:description\" content=\"Jobmesse Eisenberg Unternehmen und Institutionen der Region stellen Ausbildungs- und Studienm\u00f6glichkeiten vor und bieten Praktikapl\u00e4tze an. Wir sind dabei Wo Stadthalle, Eisenberg Friedrich-Ebert-Stra\u00dfe 8a 07607 Eisenberg Wann 08.03.2019 von 10.00 &#8211; 17.00 Uhr\" \/>\n<meta property=\"og:url\" content=\"https:\/\/www.komos.de\/en\/jobboerse-2019\/\" \/>\n<meta property=\"og:site_name\" content=\"KOMOS\" \/>\n<meta property=\"article:published_time\" content=\"2025-08-19T09:05:05+00:00\" \/>\n<meta property=\"article:modified_time\" content=\"2025-08-19T09:38:47+00:00\" \/>\n<meta name=\"author\" content=\"admin\" \/>\n<meta name=\"twitter:card\" content=\"summary_large_image\" \/>\n<meta name=\"twitter:label1\" content=\"Written by\" \/>\n\t<meta name=\"twitter:data1\" content=\"admin\" \/>\n<!-- \/ Yoast SEO plugin. -->","yoast_head_json":{"title":"Job\u00adb\u00f6r\u00adse 2019 \u2014 KOMOS","robots":{"index":"index","follow":"follow","max-snippet":"max-snippet:-1","max-image-preview":"max-image-preview:large","max-video-preview":"max-video-preview:-1"},"canonical":"https:\/\/www.komos.de\/en\/jobboerse-2019\/","og_locale":"en_US","og_type":"article","og_title":"Jobb\u00f6rse 2019 - KOMOS","og_description":"Jobmesse Eisenberg Unternehmen und Institutionen der Region stellen Ausbildungs- und Studienm\u00f6glichkeiten vor und bieten Praktikapl\u00e4tze an. Wir sind dabei Wo Stadthalle, Eisenberg Friedrich-Ebert-Stra\u00dfe 8a 07607 Eisenberg Wann 08.03.2019 von 10.00 &#8211; 17.00 Uhr","og_url":"https:\/\/www.komos.de\/en\/jobboerse-2019\/","og_site_name":"KOMOS","article_published_time":"2025-08-19T09:05:05+00:00","article_modified_time":"2025-08-19T09:38:47+00:00","author":"admin","twitter_card":"summary_large_image","twitter_misc":{"Written by":"admin"},"schema":{"@context":"https:\/\/schema.org","@graph":[{"@type":"Article","@id":"https:\/\/www.komos.de\/jobboerse-2019\/#article","isPartOf":{"@id":"https:\/\/www.komos.de\/jobboerse-2019\/"},"author":{"name":"admin","@id":"https:\/\/www.komos.de\/#\/schema\/person\/9812a983116c130e2e6d9f538f35f8d7"},"headline":"Jobb\u00f6rse 2019","datePublished":"2025-08-19T09:05:05+00:00","dateModified":"2025-08-19T09:38:47+00:00","mainEntityOfPage":{"@id":"https:\/\/www.komos.de\/jobboerse-2019\/"},"wordCount":34,"publisher":{"@id":"https:\/\/www.komos.de\/#organization"},"articleSection":["News","Termine"],"inLanguage":"en-US"},{"@type":"WebPage","@id":"https:\/\/www.komos.de\/jobboerse-2019\/","url":"https:\/\/www.komos.de\/jobboerse-2019\/","name":"Job\u00adb\u00f6r\u00adse 2019 \u2014 KOMOS","isPartOf":{"@id":"https:\/\/www.komos.de\/#website"},"datePublished":"2025-08-19T09:05:05+00:00","dateModified":"2025-08-19T09:38:47+00:00","breadcrumb":{"@id":"https:\/\/www.komos.de\/jobboerse-2019\/#breadcrumb"},"inLanguage":"en-US","potentialAction":[{"@type":"ReadAction","target":["https:\/\/www.komos.de\/jobboerse-2019\/"]}]},{"@type":"BreadcrumbList","@id":"https:\/\/www.komos.de\/jobboerse-2019\/#breadcrumb","itemListElement":[{"@type":"ListItem","position":1,"name":"Startseite","item":"https:\/\/www.komos.de\/"},{"@type":"ListItem","position":2,"name":"Jobb\u00f6rse 2019"}]},{"@type":"WebSite","@id":"https:\/\/www.komos.de\/#website","url":"https:\/\/www.komos.de\/","name":"KOMOS","description":"","publisher":{"@id":"https:\/\/www.komos.de\/#organization"},"potentialAction":[{"@type":"SearchAction","target":{"@type":"EntryPoint","urlTemplate":"https:\/\/www.komos.de\/?s={search_term_string}"},"query-input":{"@type":"PropertyValueSpecification","valueRequired":true,"valueName":"search_term_string"}}],"inLanguage":"en-US"},{"@type":"Organization","@id":"https:\/\/www.komos.de\/#organization","name":"KOMOS","url":"https:\/\/www.komos.de\/","logo":{"@type":"ImageObject","inLanguage":"en-US","@id":"https:\/\/www.komos.de\/#\/schema\/logo\/image\/","url":"https:\/\/www.komos.de\/wp-content\/uploads\/2025\/07\/imgi_1_logo_reduziert-1024x295-1.png","contentUrl":"https:\/\/www.komos.de\/wp-content\/uploads\/2025\/07\/imgi_1_logo_reduziert-1024x295-1.png","width":1024,"height":295,"caption":"KOMOS"},"image":{"@id":"https:\/\/www.komos.de\/#\/schema\/logo\/image\/"}},{"@type":"Person","@id":"https:\/\/www.komos.de\/#\/schema\/person\/9812a983116c130e2e6d9f538f35f8d7","name":"admin","image":{"@type":"ImageObject","inLanguage":"en-US","@id":"https:\/\/www.komos.de\/#\/schema\/person\/image\/","url":"https:\/\/secure.gravatar.com\/avatar\/449e4f844b3bce8a7b323c0b4da21a5ff52322be30a2a607c9b6f237de2c0e47?s=96&d=mm&r=g","contentUrl":"https:\/\/secure.gravatar.com\/avatar\/449e4f844b3bce8a7b323c0b4da21a5ff52322be30a2a607c9b6f237de2c0e47?s=96&d=mm&r=g","caption":"admin"},"sameAs":["https:\/\/tender-borg.45-85-217-106.plesk.page"],"url":"https:\/\/www.komos.de\/en\/author\/xxolav\/"}]}},"_links":{"self":[{"href":"https:\/\/www.komos.de\/en\/wp-json\/wp\/v2\/posts\/1413","targetHints":{"allow":["GET"]}}],"collection":[{"href":"https:\/\/www.komos.de\/en\/wp-json\/wp\/v2\/posts"}],"about":[{"href":"https:\/\/www.komos.de\/en\/wp-json\/wp\/v2\/types\/post"}],"author":[{"embeddable":true,"href":"https:\/\/www.komos.de\/en\/wp-json\/wp\/v2\/users\/1"}],"replies":[{"embeddable":true,"href":"https:\/\/www.komos.de\/en\/wp-json\/wp\/v2\/comments?post=1413"}],"version-history":[{"count":1,"href":"https:\/\/www.komos.de\/en\/wp-json\/wp\/v2\/posts\/1413\/revisions"}],"predecessor-version":[{"id":1550,"href":"https:\/\/www.komos.de\/en\/wp-json\/wp\/v2\/posts\/1413\/revisions\/1550"}],"wp:attachment":[{"href":"https:\/\/www.komos.de\/en\/wp-json\/wp\/v2\/media?parent=1413"}],"wp:term":[{"taxonomy":"category","embeddable":true,"href":"https:\/\/www.komos.de\/en\/wp-json\/wp\/v2\/categories?post=1413"},{"taxonomy":"post_tag","embeddable":true,"href":"https:\/\/www.komos.de\/en\/wp-json\/wp\/v2\/tags?post=1413"}],"curies":[{"name":"wp","href":"https:\/\/api.w.org\/{rel}","templated":true}]}}