{"id":1414,"date":"2025-08-19T09:05:05","date_gmt":"2025-08-19T09:05:05","guid":{"rendered":"https:\/\/www.komos.de\/aussteller-swisstech-2019\/"},"modified":"2025-08-19T09:38:47","modified_gmt":"2025-08-19T09:38:47","slug":"aussteller-swisstech-2019","status":"publish","type":"post","link":"https:\/\/www.komos.de\/en\/aussteller-swisstech-2019\/","title":{"rendered":"Exhi\u00adbi\u00adtor Swiss\u00adtech 2019"},"content":{"rendered":"<div class=\"large-4 middle-3 columns\">\n<div class=\"large-5 columns disrechts01 disoben02\">\n<h2>SWISSTECH 2019 \u2014 New date, new concept<\/h2>\n<p><strong>We are here for the first time <\/strong><\/p>\n<h1>HALL 1.1 Stand B49.8<\/h1>\n<p>For many years, the SWISSTECH &amp; PRODEX trade fair duo has been the indus\u00adtry mee\u00adting point in Ger\u00adman-spea\u00adking count\u00adries for the fol\u00adlo\u00adwing sec\u00adtors<\/p>\n<ul>\n<li>Mate\u00adri\u00adals<\/li>\n<li>Com\u00adpon\u00adents<\/li>\n<li>Sys\u00adtem con\u00ads\u00adtruc\u00adtion<\/li>\n<li>Machi\u00adne tools<\/li>\n<li>Tools<\/li>\n<li>Manu\u00adfac\u00adtu\u00adring tech\u00adno\u00adlo\u00adgy.<\/li>\n<\/ul>\n<figure><a href=\"https:\/\/www.visit.swisstech-messe.ch\/de\/directory\/view\/komos-gmbh\" target=\"_blank\" rel=\"noopener noreferrer\"><img decoding=\"async\" src=\"https:\/\/www.www.komos.de\/content\/4-Firma\/2-Aktuelles\/7-aussteller-swisstech-2019\/banner_swisstech.jpg\" alt><\/a><\/figure>\n<h1>VISIT US<\/h1>\n<p>Docu\u00adments:<br>\n<a href=\"https:\/\/www.komos.de\/en\/content\/4-Firma\/2-Aktuelles\/7-aussteller-swisstech-2019\/antwort_swisstech.pdf\/\" target=\"_blank\" rel=\"noopener noreferrer\">Plea\u00adse fill in the ticket form<\/a><br>\n<a href=\"https:\/\/www.komos.de\/en\/content\/4-Firma\/2-Aktuelles\/7-aussteller-swisstech-2019\/hallenplan_swisstech.pdf\/\" target=\"_blank\" rel=\"noopener noreferrer\">Hall over\u00adview<\/a><\/p>\n<\/div>\n<\/div>\n<div class=\"large-0 middle-3 columns disoben03\"><\/div>","protected":false},"excerpt":{"rendered":"<p>SWISSTECH 2019 \u2014 New date, new con\u00adcept We will be the\u00adre for the first time HALL 1.1 Stand B49.8 For many years, the SWISSTECH &amp; PRODEX trade fair duo has been the indus\u00adtry mee\u00adting point in Ger\u00adman-spea\u00adking count\u00adries for the are\u00adas of mate\u00adri\u00adals com\u00adpon\u00adents sys\u00adtem con\u00ads\u00adtruc\u00adtion machi\u00adne tools tools manu\u00adfac\u00adtu\u00adring tech\u00adno\u00adlo\u00adgy. VISIT US Docu\u00adments: Plea\u00adse fill out form for ticket Hall over\u00adview<\/p>","protected":false},"author":1,"featured_media":0,"comment_status":"closed","ping_status":"open","sticky":false,"template":"","format":"standard","meta":{"wp_typography_post_enhancements_disabled":false,"footnotes":""},"categories":[10,11],"tags":[],"class_list":["post-1414","post","type-post","status-publish","format-standard","hentry","category-news","category-termine"],"yoast_head":"<!-- This site is optimized with the Yoast SEO plugin v26.9 - https:\/\/yoast.com\/product\/yoast-seo-wordpress\/ -->\n<title>Aussteller Swisstech 2019 - KOMOS<\/title>\n<meta name=\"robots\" content=\"index, follow, max-snippet:-1, max-image-preview:large, max-video-preview:-1\" \/>\n<link rel=\"canonical\" href=\"https:\/\/www.komos.de\/en\/aussteller-swisstech-2019\/\" \/>\n<meta property=\"og:locale\" content=\"en_US\" \/>\n<meta property=\"og:type\" content=\"article\" \/>\n<meta property=\"og:title\" content=\"Aussteller Swisstech 2019 - KOMOS\" \/>\n<meta property=\"og:description\" content=\"SWISSTECH 2019 \u2013 Neues Datum, neues Konzept Wir sind zum ersten Mal dabei HALLE 1.1 Stand B49.8 Seit vielen Jahren ist das Messeduo SWISSTECH &amp; PRODEX der Branchetreffpunkt im deutschsprachigen Raum f\u00fcr die Bereiche Werkstoffe Komponenten Systembau Werkzeugmaschinen Werkzeuge Fertigungstechnik. BESUCHEN SIE UNS Dokumente: Bitte f\u00fcr Ticket Formular ausf\u00fcllen Hallen\u00fcbersicht\" \/>\n<meta property=\"og:url\" content=\"https:\/\/www.komos.de\/en\/aussteller-swisstech-2019\/\" \/>\n<meta property=\"og:site_name\" content=\"KOMOS\" \/>\n<meta property=\"article:published_time\" content=\"2025-08-19T09:05:05+00:00\" \/>\n<meta property=\"article:modified_time\" content=\"2025-08-19T09:38:47+00:00\" \/>\n<meta property=\"og:image\" content=\"https:\/\/www.www.komos.de\/content\/4-Firma\/2-Aktuelles\/7-aussteller-swisstech-2019\/banner_swisstech.jpg\" \/>\n<meta name=\"author\" content=\"admin\" \/>\n<meta name=\"twitter:card\" content=\"summary_large_image\" \/>\n<meta name=\"twitter:label1\" content=\"Written by\" \/>\n\t<meta name=\"twitter:data1\" content=\"admin\" \/>\n<!-- \/ Yoast SEO plugin. -->","yoast_head_json":{"title":"Aus\u00adstel\u00adler Swiss\u00adtech 2019 \u2014 KOMOS","robots":{"index":"index","follow":"follow","max-snippet":"max-snippet:-1","max-image-preview":"max-image-preview:large","max-video-preview":"max-video-preview:-1"},"canonical":"https:\/\/www.komos.de\/en\/aussteller-swisstech-2019\/","og_locale":"en_US","og_type":"article","og_title":"Aussteller Swisstech 2019 - KOMOS","og_description":"SWISSTECH 2019 \u2013 Neues Datum, neues Konzept Wir sind zum ersten Mal dabei HALLE 1.1 Stand B49.8 Seit vielen Jahren ist das Messeduo SWISSTECH &amp; PRODEX der Branchetreffpunkt im deutschsprachigen Raum f\u00fcr die Bereiche Werkstoffe Komponenten Systembau Werkzeugmaschinen Werkzeuge Fertigungstechnik. BESUCHEN SIE UNS Dokumente: Bitte f\u00fcr Ticket Formular ausf\u00fcllen Hallen\u00fcbersicht","og_url":"https:\/\/www.komos.de\/en\/aussteller-swisstech-2019\/","og_site_name":"KOMOS","article_published_time":"2025-08-19T09:05:05+00:00","article_modified_time":"2025-08-19T09:38:47+00:00","og_image":[{"url":"https:\/\/www.www.komos.de\/content\/4-Firma\/2-Aktuelles\/7-aussteller-swisstech-2019\/banner_swisstech.jpg","type":"","width":"","height":""}],"author":"admin","twitter_card":"summary_large_image","twitter_misc":{"Written by":"admin"},"schema":{"@context":"https:\/\/schema.org","@graph":[{"@type":"Article","@id":"https:\/\/www.komos.de\/aussteller-swisstech-2019\/#article","isPartOf":{"@id":"https:\/\/www.komos.de\/aussteller-swisstech-2019\/"},"author":{"name":"admin","@id":"https:\/\/www.komos.de\/#\/schema\/person\/9812a983116c130e2e6d9f538f35f8d7"},"headline":"Aussteller Swisstech 2019","datePublished":"2025-08-19T09:05:05+00:00","dateModified":"2025-08-19T09:38:47+00:00","mainEntityOfPage":{"@id":"https:\/\/www.komos.de\/aussteller-swisstech-2019\/"},"wordCount":53,"publisher":{"@id":"https:\/\/www.komos.de\/#organization"},"image":{"@id":"https:\/\/www.komos.de\/aussteller-swisstech-2019\/#primaryimage"},"thumbnailUrl":"https:\/\/www.www.komos.de\/content\/4-Firma\/2-Aktuelles\/7-aussteller-swisstech-2019\/banner_swisstech.jpg","articleSection":["News","Termine"],"inLanguage":"en-US"},{"@type":"WebPage","@id":"https:\/\/www.komos.de\/aussteller-swisstech-2019\/","url":"https:\/\/www.komos.de\/aussteller-swisstech-2019\/","name":"Aus\u00adstel\u00adler Swiss\u00adtech 2019 \u2014 KOMOS","isPartOf":{"@id":"https:\/\/www.komos.de\/#website"},"primaryImageOfPage":{"@id":"https:\/\/www.komos.de\/aussteller-swisstech-2019\/#primaryimage"},"image":{"@id":"https:\/\/www.komos.de\/aussteller-swisstech-2019\/#primaryimage"},"thumbnailUrl":"https:\/\/www.www.komos.de\/content\/4-Firma\/2-Aktuelles\/7-aussteller-swisstech-2019\/banner_swisstech.jpg","datePublished":"2025-08-19T09:05:05+00:00","dateModified":"2025-08-19T09:38:47+00:00","breadcrumb":{"@id":"https:\/\/www.komos.de\/aussteller-swisstech-2019\/#breadcrumb"},"inLanguage":"en-US","potentialAction":[{"@type":"ReadAction","target":["https:\/\/www.komos.de\/aussteller-swisstech-2019\/"]}]},{"@type":"ImageObject","inLanguage":"en-US","@id":"https:\/\/www.komos.de\/aussteller-swisstech-2019\/#primaryimage","url":"https:\/\/www.www.komos.de\/content\/4-Firma\/2-Aktuelles\/7-aussteller-swisstech-2019\/banner_swisstech.jpg","contentUrl":"https:\/\/www.www.komos.de\/content\/4-Firma\/2-Aktuelles\/7-aussteller-swisstech-2019\/banner_swisstech.jpg"},{"@type":"BreadcrumbList","@id":"https:\/\/www.komos.de\/aussteller-swisstech-2019\/#breadcrumb","itemListElement":[{"@type":"ListItem","position":1,"name":"Startseite","item":"https:\/\/www.komos.de\/"},{"@type":"ListItem","position":2,"name":"Aussteller Swisstech 2019"}]},{"@type":"WebSite","@id":"https:\/\/www.komos.de\/#website","url":"https:\/\/www.komos.de\/","name":"KOMOS","description":"","publisher":{"@id":"https:\/\/www.komos.de\/#organization"},"potentialAction":[{"@type":"SearchAction","target":{"@type":"EntryPoint","urlTemplate":"https:\/\/www.komos.de\/?s={search_term_string}"},"query-input":{"@type":"PropertyValueSpecification","valueRequired":true,"valueName":"search_term_string"}}],"inLanguage":"en-US"},{"@type":"Organization","@id":"https:\/\/www.komos.de\/#organization","name":"KOMOS","url":"https:\/\/www.komos.de\/","logo":{"@type":"ImageObject","inLanguage":"en-US","@id":"https:\/\/www.komos.de\/#\/schema\/logo\/image\/","url":"https:\/\/www.komos.de\/wp-content\/uploads\/2025\/07\/imgi_1_logo_reduziert-1024x295-1.png","contentUrl":"https:\/\/www.komos.de\/wp-content\/uploads\/2025\/07\/imgi_1_logo_reduziert-1024x295-1.png","width":1024,"height":295,"caption":"KOMOS"},"image":{"@id":"https:\/\/www.komos.de\/#\/schema\/logo\/image\/"}},{"@type":"Person","@id":"https:\/\/www.komos.de\/#\/schema\/person\/9812a983116c130e2e6d9f538f35f8d7","name":"admin","image":{"@type":"ImageObject","inLanguage":"en-US","@id":"https:\/\/www.komos.de\/#\/schema\/person\/image\/","url":"https:\/\/secure.gravatar.com\/avatar\/449e4f844b3bce8a7b323c0b4da21a5ff52322be30a2a607c9b6f237de2c0e47?s=96&d=mm&r=g","contentUrl":"https:\/\/secure.gravatar.com\/avatar\/449e4f844b3bce8a7b323c0b4da21a5ff52322be30a2a607c9b6f237de2c0e47?s=96&d=mm&r=g","caption":"admin"},"sameAs":["https:\/\/tender-borg.45-85-217-106.plesk.page"],"url":"https:\/\/www.komos.de\/en\/author\/xxolav\/"}]}},"_links":{"self":[{"href":"https:\/\/www.komos.de\/en\/wp-json\/wp\/v2\/posts\/1414","targetHints":{"allow":["GET"]}}],"collection":[{"href":"https:\/\/www.komos.de\/en\/wp-json\/wp\/v2\/posts"}],"about":[{"href":"https:\/\/www.komos.de\/en\/wp-json\/wp\/v2\/types\/post"}],"author":[{"embeddable":true,"href":"https:\/\/www.komos.de\/en\/wp-json\/wp\/v2\/users\/1"}],"replies":[{"embeddable":true,"href":"https:\/\/www.komos.de\/en\/wp-json\/wp\/v2\/comments?post=1414"}],"version-history":[{"count":1,"href":"https:\/\/www.komos.de\/en\/wp-json\/wp\/v2\/posts\/1414\/revisions"}],"predecessor-version":[{"id":1551,"href":"https:\/\/www.komos.de\/en\/wp-json\/wp\/v2\/posts\/1414\/revisions\/1551"}],"wp:attachment":[{"href":"https:\/\/www.komos.de\/en\/wp-json\/wp\/v2\/media?parent=1414"}],"wp:term":[{"taxonomy":"category","embeddable":true,"href":"https:\/\/www.komos.de\/en\/wp-json\/wp\/v2\/categories?post=1414"},{"taxonomy":"post_tag","embeddable":true,"href":"https:\/\/www.komos.de\/en\/wp-json\/wp\/v2\/tags?post=1414"}],"curies":[{"name":"wp","href":"https:\/\/api.w.org\/{rel}","templated":true}]}}