{"id":1439,"date":"2025-08-19T09:04:52","date_gmt":"2025-08-19T09:04:52","guid":{"rendered":"https:\/\/www.komos.de\/79316-2\/"},"modified":"2025-08-19T10:32:25","modified_gmt":"2025-08-19T10:32:25","slug":"79316-2","status":"publish","type":"post","link":"https:\/\/www.komos.de\/en\/79316-2\/","title":{"rendered":"Our ent\u00adry into # elec\u00adtro\u00admo\u00adbi\u00adli\u00adty."},"content":{"rendered":"<div data-elementor-type=\"wp-post\" data-elementor-id=\"1439\" class=\"elementor elementor-1439\" data-elementor-post-type=\"post\">\n\t\t\t\t<div data-particle_enable=\"false\" data-particle-mobile-disabled=\"false\" class=\"elementor-element elementor-element-39f977df e-flex e-con-boxed e-con e-parent\" data-id=\"39f977df\" data-element_type=\"container\" data-e-type=\"container\">\n\t\t\t\t\t<div class=\"e-con-inner\">\n\t\t\t\t<div class=\"elementor-element elementor-element-2a4fc29c elementor-widget elementor-widget-text-editor\" data-id=\"2a4fc29c\" data-element_type=\"widget\" data-e-type=\"widget\" data-widget_type=\"text-editor.default\">\n\t\t\t\t\t\t\t\t\t<p>With our new <a href=\"https:\/\/www.linkedin.com\/company\/mini\/\" data-attribute-index=\"1\" data-entity-hovercard-id=\"urn:li:fs_miniCompany:1221203\" data-entity-type=\"MINI_COMPANY\">MINI<\/a> Coo\u00adper SE dri\u00adves our mana\u00adging part\u00adner <a href=\"https:\/\/www.linkedin.com\/in\/ACoAAClDKLIBFp_ubOpL_WY2Wqb_gLASxdP0rpg\" data-attribute-index=\"3\" data-entity-hovercard-id=\"urn:li:fs_miniProfile:ACoAAClDKLIBFp_ubOpL_WY2Wqb_gLASxdP0rpg\" data-entity-type=\"MINI_PROFILE\">Ant\u00adje Blu\u00admen\u00adtritt<\/a> Ful\u00adly elec\u00adtric and envi\u00adron\u00admen\u00adtal\u00adly fri\u00adend\u00adly. The cli\u00adma\u00adte-fri\u00adend\u00adly dri\u00adve is par\u00adti\u00adcu\u00adlar\u00adly impres\u00adsi\u00adve on short jour\u00adneys.<\/p><p>In coope\u00adra\u00adti\u00adon with the <a href=\"https:\/\/www.linkedin.com\/company\/teag\/\" data-attribute-index=\"5\" data-entity-hovercard-id=\"urn:li:fs_miniCompany:7295720\" data-entity-type=\"MINI_COMPANY\">TEAG Th\u00fc\u00adrin\u00adger Ener\u00adgie AG<\/a> we are buil\u00adding a char\u00adging sta\u00adti\u00adon for elec\u00adtric vehic\u00adles on our com\u00adpa\u00adny pre\u00admi\u00adses by the end of Octo\u00adber. From then on, our cus\u00adto\u00admers and visi\u00adtors will have access to two char\u00adging points, each with a capa\u00adci\u00adty of 11KW.<br>If demand increa\u00adses in the future, our sys\u00adtem can be expan\u00added to include up to 6 addi\u00adtio\u00adnal char\u00adging points.<br>We gene\u00adra\u00adte the elec\u00adtri\u00adci\u00adty requi\u00adred for the envi\u00adron\u00admen\u00adtal\u00adly fri\u00adend\u00adly riding fun with our own solar sys\u00adtem.<\/p><p><a href=\"https:\/\/www.linkedin.com\/feed\/hashtag\/?keywords=umweltfreundlich&amp;highlightedUpdateUrns=urn%3Ali%3Aactivity%3A6834026543136817152\" data-attribute-index=\"7\">1TP5Environmentally fri\u00adend\u00adly<\/a> <a href=\"https:\/\/www.linkedin.com\/feed\/hashtag\/?keywords=innovation&amp;highlightedUpdateUrns=urn%3Ali%3Aactivity%3A6834026543136817152\" data-attribute-index=\"8\">1TP5Innovation<\/a> <a href=\"https:\/\/www.linkedin.com\/feed\/hashtag\/?keywords=technologie&amp;highlightedUpdateUrns=urn%3Ali%3Aactivity%3A6834026543136817152\" data-attribute-index=\"9\">#tech\u00adno\u00adlo\u00adgy<\/a> <a href=\"https:\/\/www.linkedin.com\/feed\/hashtag\/?keywords=elektrifizierend&amp;highlightedUpdateUrns=urn%3Ali%3Aactivity%3A6834026543136817152\" data-attribute-index=\"10\">1TP5Electrifying<\/a><br><a href=\"https:\/\/www.linkedin.com\/feed\/hashtag\/?keywords=elektromobilit%C3%A4t&amp;highlightedUpdateUrns=urn%3Ali%3Aactivity%3A6834026543136817152\" data-attribute-index=\"11\">1TP5Electromobility<\/a> <a href=\"https:\/\/www.linkedin.com\/feed\/hashtag\/?keywords=elektroauto&amp;highlightedUpdateUrns=urn%3Ali%3Aactivity%3A6834026543136817152\" data-attribute-index=\"12\">1TP5Electric car<\/a> <a href=\"https:\/\/www.linkedin.com\/feed\/hashtag\/?keywords=elektroantrieb&amp;highlightedUpdateUrns=urn%3Ali%3Aactivity%3A6834026543136817152\" data-attribute-index=\"13\">1TP5Electric dri\u00adve<\/a> <a href=\"https:\/\/www.linkedin.com\/feed\/hashtag\/?keywords=drivingthefuture&amp;highlightedUpdateUrns=urn%3Ali%3Aactivity%3A6834026543136817152\" data-attribute-index=\"14\">#dri\u00adving\u00adt\u00adhe\u00adfu\u00adture<\/a> <a href=\"https:\/\/www.linkedin.com\/feed\/hashtag\/?keywords=green&amp;highlightedUpdateUrns=urn%3Ali%3Aactivity%3A6834026543136817152\" data-attribute-index=\"15\">#green<\/a><a href=\"https:\/\/www.linkedin.com\/feed\/hashtag\/?keywords=mobility&amp;highlightedUpdateUrns=urn%3Ali%3Aactivity%3A6834026543136817152\" data-attribute-index=\"16\">#mobi\u00adli\u00adty<\/a> <a href=\"https:\/\/www.linkedin.com\/feed\/hashtag\/?keywords=mini&amp;highlightedUpdateUrns=urn%3Ali%3Aactivity%3A6834026543136817152\" data-attribute-index=\"17\">#mini<\/a> <a href=\"https:\/\/www.linkedin.com\/feed\/hashtag\/?keywords=saubereenergie&amp;highlightedUpdateUrns=urn%3Ali%3Aactivity%3A6834026543136817152\" data-attribute-index=\"18\">1TP5Clean ener\u00adgy<\/a> <a href=\"https:\/\/www.linkedin.com\/feed\/hashtag\/?keywords=nachhaltigkeit&amp;highlightedUpdateUrns=urn%3Ali%3Aactivity%3A6834026543136817152\" data-attribute-index=\"19\">#sus\u00adtaina\u00adbi\u00adli\u00adty<\/a> <a href=\"https:\/\/www.linkedin.com\/feed\/hashtag\/?keywords=zukunft&amp;highlightedUpdateUrns=urn%3Ali%3Aactivity%3A6834026543136817152\" data-attribute-index=\"20\">1TP5Future<\/a> <a href=\"https:\/\/www.linkedin.com\/feed\/hashtag\/?keywords=komosgmbh&amp;highlightedUpdateUrns=urn%3Ali%3Aactivity%3A6834026543136817152\" data-attribute-index=\"21\">#KOMOS\u00adGmbH<\/a><\/p><p>&nbsp;<\/p>\t\t\t\t\t\t\t\t<\/div>\n\t\t\t\t\t<\/div>\n\t\t\t\t<\/div>\n\t\t<div data-particle_enable=\"false\" data-particle-mobile-disabled=\"false\" class=\"elementor-element elementor-element-48b3af6 e-flex e-con-boxed e-con e-parent\" data-id=\"48b3af6\" data-element_type=\"container\" data-e-type=\"container\">\n\t\t\t\t\t<div class=\"e-con-inner\">\n\t\t\t\t<div class=\"elementor-element elementor-element-ffc0d11 elementor-widget elementor-widget-image\" data-id=\"ffc0d11\" data-element_type=\"widget\" data-e-type=\"widget\" data-widget_type=\"image.default\">\n\t\t\t\t\t\t\t\t\t\t\t\t\t\t\t<img fetchpriority=\"high\" decoding=\"async\" width=\"800\" height=\"1000\" src=\"https:\/\/www.komos.de\/wp-content\/uploads\/2025\/08\/Eletromobilitaet-Mini-01-scaled-1-819x1024.jpg\" class=\"attachment-large size-large wp-image-1649\" alt srcset=\"https:\/\/www.komos.de\/wp-content\/uploads\/2025\/08\/Eletromobilitaet-Mini-01-scaled-1-819x1024.jpg 819w, https:\/\/www.komos.de\/wp-content\/uploads\/2025\/08\/Eletromobilitaet-Mini-01-scaled-1-240x300.jpg 240w, https:\/\/www.komos.de\/wp-content\/uploads\/2025\/08\/Eletromobilitaet-Mini-01-scaled-1-768x960.jpg 768w, https:\/\/www.komos.de\/wp-content\/uploads\/2025\/08\/Eletromobilitaet-Mini-01-scaled-1-1229x1536.jpg 1229w, https:\/\/www.komos.de\/wp-content\/uploads\/2025\/08\/Eletromobilitaet-Mini-01-scaled-1-1638x2048.jpg 1638w, https:\/\/www.komos.de\/wp-content\/uploads\/2025\/08\/Eletromobilitaet-Mini-01-scaled-1.jpg 2048w\" sizes=\"(max-width: 800px) 100vw, 800px\">\t\t\t\t\t\t\t\t\t\t\t\t\t\t\t<\/div>\n\t\t\t\t<div class=\"elementor-element elementor-element-681b70e elementor-widget elementor-widget-image\" data-id=\"681b70e\" data-element_type=\"widget\" data-e-type=\"widget\" data-widget_type=\"image.default\">\n\t\t\t\t\t\t\t\t\t\t\t\t\t\t\t<img decoding=\"async\" width=\"600\" height=\"750\" src=\"https:\/\/www.komos.de\/wp-content\/uploads\/2025\/08\/Eletromobilitaet-Mini-02-scaled-600x750-1.jpg\" class=\"attachment-large size-large wp-image-1650\" alt srcset=\"https:\/\/www.komos.de\/wp-content\/uploads\/2025\/08\/Eletromobilitaet-Mini-02-scaled-600x750-1.jpg 600w, https:\/\/www.komos.de\/wp-content\/uploads\/2025\/08\/Eletromobilitaet-Mini-02-scaled-600x750-1-240x300.jpg 240w\" sizes=\"(max-width: 600px) 100vw, 600px\">\t\t\t\t\t\t\t\t\t\t\t\t\t\t\t<\/div>\n\t\t\t\t\t<\/div>\n\t\t\t\t<\/div>\n\t\t\t\t<\/div>","protected":false},"excerpt":{"rendered":"<p>Mit unserem neuen MINI Cooper SE f\u00e4hrt unsere Gesch\u00e4ftsf\u00fchrende Gesellschafterin Antje Blumentritt vollelektrisch und umweltfreundlich. Besonders auf den Kurzstrecken begeistert Sie der klimafreundliche Antrieb. In der Zusammenarbeit mit der TEAG Th\u00fcringer Energie AG bauen wir auf unserem Firmengel\u00e4nde bis Ende Oktober eine Lades\u00e4ule f\u00fcr Elektrofahrzeuge. Ab dann stehen unseren Kunden und Besuchern zwei Ladepunkte mit [&hellip;]<\/p>\n","protected":false},"author":1,"featured_media":0,"comment_status":"open","ping_status":"open","sticky":false,"template":"","format":"standard","meta":{"wp_typography_post_enhancements_disabled":false,"footnotes":""},"categories":[10],"tags":[],"class_list":["post-1439","post","type-post","status-publish","format-standard","hentry","category-news"],"yoast_head":"<!-- This site is optimized with the Yoast SEO plugin v26.9 - https:\/\/yoast.com\/product\/yoast-seo-wordpress\/ -->\n<title>Unser Einstieg in die #Elektromobilit\u00e4t. - KOMOS<\/title>\n<meta name=\"robots\" content=\"index, follow, max-snippet:-1, max-image-preview:large, max-video-preview:-1\" \/>\n<link rel=\"canonical\" href=\"https:\/\/www.komos.de\/en\/79316-2\/\" \/>\n<meta property=\"og:locale\" content=\"en_US\" \/>\n<meta property=\"og:type\" content=\"article\" \/>\n<meta property=\"og:title\" content=\"Unser Einstieg in die #Elektromobilit\u00e4t. - KOMOS\" \/>\n<meta property=\"og:description\" content=\"Mit unserem neuen MINI Cooper SE f\u00e4hrt unsere Gesch\u00e4ftsf\u00fchrende Gesellschafterin Antje Blumentritt vollelektrisch und umweltfreundlich. Besonders auf den Kurzstrecken begeistert Sie der klimafreundliche Antrieb. In der Zusammenarbeit mit der TEAG Th\u00fcringer Energie AG bauen wir auf unserem Firmengel\u00e4nde bis Ende Oktober eine Lades\u00e4ule f\u00fcr Elektrofahrzeuge. Ab dann stehen unseren Kunden und Besuchern zwei Ladepunkte mit [&hellip;]\" \/>\n<meta property=\"og:url\" content=\"https:\/\/www.komos.de\/en\/79316-2\/\" \/>\n<meta property=\"og:site_name\" content=\"KOMOS\" \/>\n<meta property=\"article:published_time\" content=\"2025-08-19T09:04:52+00:00\" \/>\n<meta property=\"article:modified_time\" content=\"2025-08-19T10:32:25+00:00\" \/>\n<meta property=\"og:image\" content=\"https:\/\/www.komos.de\/wp-content\/uploads\/2025\/08\/Eletromobilitaet-Mini-01-scaled-1.jpg\" \/>\n\t<meta property=\"og:image:width\" content=\"2048\" \/>\n\t<meta property=\"og:image:height\" content=\"2560\" \/>\n\t<meta property=\"og:image:type\" content=\"image\/jpeg\" \/>\n<meta name=\"author\" content=\"admin\" \/>\n<meta name=\"twitter:card\" content=\"summary_large_image\" \/>\n<meta name=\"twitter:label1\" content=\"Written by\" \/>\n\t<meta name=\"twitter:data1\" content=\"admin\" \/>\n\t<meta name=\"twitter:label2\" content=\"Est. reading time\" \/>\n\t<meta name=\"twitter:data2\" content=\"1 minute\" \/>\n<!-- \/ Yoast SEO plugin. -->","yoast_head_json":{"title":"Unser Ein\u00adstieg in die #Elek\u00adtro\u00admo\u00adbi\u00adli\u00adt\u00e4t. \u2014 KOMOS","robots":{"index":"index","follow":"follow","max-snippet":"max-snippet:-1","max-image-preview":"max-image-preview:large","max-video-preview":"max-video-preview:-1"},"canonical":"https:\/\/www.komos.de\/en\/79316-2\/","og_locale":"en_US","og_type":"article","og_title":"Unser Einstieg in die #Elektromobilit\u00e4t. - KOMOS","og_description":"Mit unserem neuen MINI Cooper SE f\u00e4hrt unsere Gesch\u00e4ftsf\u00fchrende Gesellschafterin Antje Blumentritt vollelektrisch und umweltfreundlich. Besonders auf den Kurzstrecken begeistert Sie der klimafreundliche Antrieb. In der Zusammenarbeit mit der TEAG Th\u00fcringer Energie AG bauen wir auf unserem Firmengel\u00e4nde bis Ende Oktober eine Lades\u00e4ule f\u00fcr Elektrofahrzeuge. Ab dann stehen unseren Kunden und Besuchern zwei Ladepunkte mit [&hellip;]","og_url":"https:\/\/www.komos.de\/en\/79316-2\/","og_site_name":"KOMOS","article_published_time":"2025-08-19T09:04:52+00:00","article_modified_time":"2025-08-19T10:32:25+00:00","og_image":[{"width":2048,"height":2560,"url":"https:\/\/www.komos.de\/wp-content\/uploads\/2025\/08\/Eletromobilitaet-Mini-01-scaled-1.jpg","type":"image\/jpeg"}],"author":"admin","twitter_card":"summary_large_image","twitter_misc":{"Written by":"admin","Est. reading time":"1 minute"},"schema":{"@context":"https:\/\/schema.org","@graph":[{"@type":"Article","@id":"https:\/\/www.komos.de\/79316-2\/#article","isPartOf":{"@id":"https:\/\/www.komos.de\/79316-2\/"},"author":{"name":"admin","@id":"https:\/\/www.komos.de\/#\/schema\/person\/9812a983116c130e2e6d9f538f35f8d7"},"headline":"Unser Einstieg in die #Elektromobilit\u00e4t.","datePublished":"2025-08-19T09:04:52+00:00","dateModified":"2025-08-19T10:32:25+00:00","mainEntityOfPage":{"@id":"https:\/\/www.komos.de\/79316-2\/"},"wordCount":121,"commentCount":0,"publisher":{"@id":"https:\/\/www.komos.de\/#organization"},"image":{"@id":"https:\/\/www.komos.de\/79316-2\/#primaryimage"},"thumbnailUrl":"https:\/\/www.komos.de\/wp-content\/uploads\/2025\/08\/Eletromobilitaet-Mini-01-scaled-1-819x1024.jpg","articleSection":["News"],"inLanguage":"en-US","potentialAction":[{"@type":"CommentAction","name":"Comment","target":["https:\/\/www.komos.de\/79316-2\/#respond"]}]},{"@type":"WebPage","@id":"https:\/\/www.komos.de\/79316-2\/","url":"https:\/\/www.komos.de\/79316-2\/","name":"Unser Ein\u00adstieg in die #Elek\u00adtro\u00admo\u00adbi\u00adli\u00adt\u00e4t. \u2014 KOMOS","isPartOf":{"@id":"https:\/\/www.komos.de\/#website"},"primaryImageOfPage":{"@id":"https:\/\/www.komos.de\/79316-2\/#primaryimage"},"image":{"@id":"https:\/\/www.komos.de\/79316-2\/#primaryimage"},"thumbnailUrl":"https:\/\/www.komos.de\/wp-content\/uploads\/2025\/08\/Eletromobilitaet-Mini-01-scaled-1-819x1024.jpg","datePublished":"2025-08-19T09:04:52+00:00","dateModified":"2025-08-19T10:32:25+00:00","breadcrumb":{"@id":"https:\/\/www.komos.de\/79316-2\/#breadcrumb"},"inLanguage":"en-US","potentialAction":[{"@type":"ReadAction","target":["https:\/\/www.komos.de\/79316-2\/"]}]},{"@type":"ImageObject","inLanguage":"en-US","@id":"https:\/\/www.komos.de\/79316-2\/#primaryimage","url":"https:\/\/www.komos.de\/wp-content\/uploads\/2025\/08\/Eletromobilitaet-Mini-01-scaled-1-819x1024.jpg","contentUrl":"https:\/\/www.komos.de\/wp-content\/uploads\/2025\/08\/Eletromobilitaet-Mini-01-scaled-1-819x1024.jpg"},{"@type":"BreadcrumbList","@id":"https:\/\/www.komos.de\/79316-2\/#breadcrumb","itemListElement":[{"@type":"ListItem","position":1,"name":"Startseite","item":"https:\/\/www.komos.de\/"},{"@type":"ListItem","position":2,"name":"Unser Einstieg in die #Elektromobilit\u00e4t."}]},{"@type":"WebSite","@id":"https:\/\/www.komos.de\/#website","url":"https:\/\/www.komos.de\/","name":"KOMOS","description":"","publisher":{"@id":"https:\/\/www.komos.de\/#organization"},"potentialAction":[{"@type":"SearchAction","target":{"@type":"EntryPoint","urlTemplate":"https:\/\/www.komos.de\/?s={search_term_string}"},"query-input":{"@type":"PropertyValueSpecification","valueRequired":true,"valueName":"search_term_string"}}],"inLanguage":"en-US"},{"@type":"Organization","@id":"https:\/\/www.komos.de\/#organization","name":"KOMOS","url":"https:\/\/www.komos.de\/","logo":{"@type":"ImageObject","inLanguage":"en-US","@id":"https:\/\/www.komos.de\/#\/schema\/logo\/image\/","url":"https:\/\/www.komos.de\/wp-content\/uploads\/2025\/07\/imgi_1_logo_reduziert-1024x295-1.png","contentUrl":"https:\/\/www.komos.de\/wp-content\/uploads\/2025\/07\/imgi_1_logo_reduziert-1024x295-1.png","width":1024,"height":295,"caption":"KOMOS"},"image":{"@id":"https:\/\/www.komos.de\/#\/schema\/logo\/image\/"}},{"@type":"Person","@id":"https:\/\/www.komos.de\/#\/schema\/person\/9812a983116c130e2e6d9f538f35f8d7","name":"admin","image":{"@type":"ImageObject","inLanguage":"en-US","@id":"https:\/\/www.komos.de\/#\/schema\/person\/image\/","url":"https:\/\/secure.gravatar.com\/avatar\/449e4f844b3bce8a7b323c0b4da21a5ff52322be30a2a607c9b6f237de2c0e47?s=96&d=mm&r=g","contentUrl":"https:\/\/secure.gravatar.com\/avatar\/449e4f844b3bce8a7b323c0b4da21a5ff52322be30a2a607c9b6f237de2c0e47?s=96&d=mm&r=g","caption":"admin"},"sameAs":["https:\/\/tender-borg.45-85-217-106.plesk.page"],"url":"https:\/\/www.komos.de\/en\/author\/xxolav\/"}]}},"_links":{"self":[{"href":"https:\/\/www.komos.de\/en\/wp-json\/wp\/v2\/posts\/1439","targetHints":{"allow":["GET"]}}],"collection":[{"href":"https:\/\/www.komos.de\/en\/wp-json\/wp\/v2\/posts"}],"about":[{"href":"https:\/\/www.komos.de\/en\/wp-json\/wp\/v2\/types\/post"}],"author":[{"embeddable":true,"href":"https:\/\/www.komos.de\/en\/wp-json\/wp\/v2\/users\/1"}],"replies":[{"embeddable":true,"href":"https:\/\/www.komos.de\/en\/wp-json\/wp\/v2\/comments?post=1439"}],"version-history":[{"count":4,"href":"https:\/\/www.komos.de\/en\/wp-json\/wp\/v2\/posts\/1439\/revisions"}],"predecessor-version":[{"id":1653,"href":"https:\/\/www.komos.de\/en\/wp-json\/wp\/v2\/posts\/1439\/revisions\/1653"}],"wp:attachment":[{"href":"https:\/\/www.komos.de\/en\/wp-json\/wp\/v2\/media?parent=1439"}],"wp:term":[{"taxonomy":"category","embeddable":true,"href":"https:\/\/www.komos.de\/en\/wp-json\/wp\/v2\/categories?post=1439"},{"taxonomy":"post_tag","embeddable":true,"href":"https:\/\/www.komos.de\/en\/wp-json\/wp\/v2\/tags?post=1439"}],"curies":[{"name":"wp","href":"https:\/\/api.w.org\/{rel}","templated":true}]}}